{"id":789,"date":"2016-01-31T18:22:15","date_gmt":"2016-01-31T18:22:15","guid":{"rendered":"http:\/\/lisbonclassics.com\/?p=789"},"modified":"2020-07-22T12:43:58","modified_gmt":"2020-07-22T12:43:58","slug":"uma-historia-de-sucesso","status":"publish","type":"post","link":"http:\/\/lisbonclassics.com\/fr\/2016\/01\/31\/uma-historia-de-sucesso\/","title":{"rendered":"Une vie en roue libre."},"content":{"rendered":"<p>Fils d&rsquo;un psychiatre compl\u00e8tement amoureux des voitures, d\u00e8s mon plus jeune \u00e2ge, je me souviens de m&rsquo;asseoir sur ses genoux en conduisant les \u00e9normes voitures am\u00e9ricaines qu&rsquo;il aimait tellement.<br \/>\nAinsi, il \u00e9tait tout \u00e0 fait naturel que, peu de temps apr\u00e8s avoir pris mon permis de conduire, d&rsquo;avoir entr\u00e9 dans le monde de la course automobile. J&rsquo;ai commenc\u00e9 avec les \u00abgymkhanas\u00bb, mais tr\u00e8s rapidement, j&rsquo;\u00e9tais encourag\u00e9 par beaucoup \u00e0 passer \u00e0 l&rsquo;\u00e9tape suivante, \u00e0 savoir, les rallyes. Cependant, ma passion pour la vitesse m&rsquo;a amen\u00e9 \u00e0 concurrencer pendant plusieurs ann\u00e9es, dans les circuits, les\u00a0courses de c\u00f4te\u00a0et les rallyes, mentionn\u00e9s pr\u00e9c\u00e9demment. Viennent ensuite les troph\u00e9es les plus diversifi\u00e9s, des marques les plus vari\u00e9es.<br \/>\nJe n&rsquo;aime pas parler de moi-m\u00eame, ni de me louer, c&rsquo;est pourquoi je vous montre par des images, ma participation \u00e0 des \u00e9v\u00e9nements de course.<br \/>\nToute cette activit\u00e9 dans les courses automobiles devait \u00eatre encadr\u00e9e dans ma vie professionnelle, c&rsquo;est-\u00e0-dire mes autres passions, h\u00f4tels et restaurants. Elle a\u00a0d\u00fb s&rsquo;adapter \u00e9galement \u00e0 diverses p\u00e9riodes o\u00f9 j&rsquo;ai v\u00e9cu en dehors du Portugal, comme les cinq ann\u00e9es \u00e0 Londres.<br \/>\nJ&rsquo;ai toujours senti un grand d\u00e9sir d&rsquo;avoir plusieurs voitures classiques. Je les consid\u00e8re comme quelques-unes des plus belles \u0153uvres d&rsquo;art, que l&rsquo;homme a con\u00e7u et fabriqu\u00e9.\u00a0Elles ont l&rsquo;\u00e9norme avantage, par opposition \u00e0\u00a0d&rsquo;autres qui sont plus statiques, de pouvoir \u00eatre conduites et appr\u00e9ci\u00e9es, dans diff\u00e9rents environnements et paysages, en compagnie de qui nous voulons.<br \/>\nJ&rsquo;ai aussi la conviction profonde, que nous sommes des propri\u00e9taires temporaires de ces fantastiques \u0153uvres d&rsquo;art et que nous devons les ch\u00e9rir, maintenir et soigner jusqu&rsquo;\u00e0 leur prochain propri\u00e9taire prend possession.\u00a0<br \/>\nJe me sens donc parfaitement accompli, par les nombreuses et magnifiques voitures classiques que j&rsquo;ai eu, que j&rsquo;ai et dont j&rsquo;esp\u00e8re pouvoir encore avoir.\u00a0<\/p>\n<p>&nbsp;<\/p>\n<div id=\"attachment_813\" style=\"width: 636px\" class=\"wp-caption alignnone\"><img aria-describedby=\"caption-attachment-813\" decoding=\"async\" loading=\"lazy\" class=\" wp-image-813\" src=\"http:\/\/lisbonclassics.com\/wp-content\/uploads\/2016\/02\/rallie_benfica_1972-300x177.jpg\" alt=\"Rallie do Benfica 1972 \u2013 Com o excelente Datsun 1600 SSS e Jos\u00e9 Sintra como navegador.\" width=\"626\" height=\"369\" srcset=\"http:\/\/lisbonclassics.com\/wp-content\/uploads\/2016\/02\/rallie_benfica_1972-300x177.jpg 300w, http:\/\/lisbonclassics.com\/wp-content\/uploads\/2016\/02\/rallie_benfica_1972.jpg 640w\" sizes=\"(max-width: 626px) 100vw, 626px\" \/><p id=\"caption-attachment-813\" class=\"wp-caption-text\">Rallie do Benfica 1972 \u2013 Com o excelente Datsun 1600 SSS e Jos\u00e9 Sintra como navegador.<\/p><\/div>\n<p>&nbsp;<\/p>\n<div id=\"attachment_823\" style=\"width: 641px\" class=\"wp-caption alignnone\"><img aria-describedby=\"caption-attachment-823\" decoding=\"async\" loading=\"lazy\" class=\" wp-image-823\" src=\"http:\/\/lisbonclassics.com\/wp-content\/uploads\/2016\/02\/alberto_marques_1975-300x194.jpg\" alt=\"Com Alberto Marques em 1975, ouvindo os conselhos de Ant\u00f3nio \u201cTricas\u201d Machado.\" width=\"631\" height=\"408\" srcset=\"http:\/\/lisbonclassics.com\/wp-content\/uploads\/2016\/02\/alberto_marques_1975-300x194.jpg 300w, http:\/\/lisbonclassics.com\/wp-content\/uploads\/2016\/02\/alberto_marques_1975.jpg 640w\" sizes=\"(max-width: 631px) 100vw, 631px\" \/><p id=\"caption-attachment-823\" class=\"wp-caption-text\">Com Alberto Marques em 1975, ouvindo os conselhos de Ant\u00f3nio \u201cTricas\u201d Machado.<\/p><\/div>\n<p>&nbsp;<\/p>\n<div id=\"attachment_817\" style=\"width: 640px\" class=\"wp-caption alignnone\"><img aria-describedby=\"caption-attachment-817\" decoding=\"async\" loading=\"lazy\" class=\" wp-image-817\" src=\"http:\/\/lisbonclassics.com\/wp-content\/uploads\/2016\/02\/autodromo_1975_1lugar-300x151.jpg\" alt=\"Aut\u00f3dromo 1975 \u2013 1\u00ba lugar, seguido por Motta-Veiga , Fernandes Belo, Francisco Almeida e Oliveira Sim\u00f5es.\" width=\"630\" height=\"317\" srcset=\"http:\/\/lisbonclassics.com\/wp-content\/uploads\/2016\/02\/autodromo_1975_1lugar-300x151.jpg 300w, http:\/\/lisbonclassics.com\/wp-content\/uploads\/2016\/02\/autodromo_1975_1lugar.jpg 640w\" sizes=\"(max-width: 630px) 100vw, 630px\" \/><p id=\"caption-attachment-817\" class=\"wp-caption-text\">Aut\u00f3dromo 1975 \u2013 1\u00ba lugar, seguido por Motta-Veiga , Fernandes Belo, Francisco Almeida e Oliveira Sim\u00f5es.<\/p><\/div>\n<p>&nbsp;<\/p>\n<div id=\"attachment_802\" style=\"width: 646px\" class=\"wp-caption alignnone\"><img aria-describedby=\"caption-attachment-802\" decoding=\"async\" loading=\"lazy\" class=\" wp-image-802\" src=\"http:\/\/lisbonclassics.com\/wp-content\/uploads\/2016\/01\/rampa_pena_1975-300x158.jpg\" alt=\"Rampa da Pena em 1975 \u2013 Vencedor e record do Gr. 1\" width=\"636\" height=\"335\" srcset=\"http:\/\/lisbonclassics.com\/wp-content\/uploads\/2016\/01\/rampa_pena_1975-300x158.jpg 300w, http:\/\/lisbonclassics.com\/wp-content\/uploads\/2016\/01\/rampa_pena_1975.jpg 640w\" sizes=\"(max-width: 636px) 100vw, 636px\" \/><p id=\"caption-attachment-802\" class=\"wp-caption-text\">Rampa da Pena em 1975 \u2013 Vencedor e record do Gr. 1<\/p><\/div>\n<p>&nbsp;<\/p>\n<div id=\"attachment_798\" style=\"width: 649px\" class=\"wp-caption alignnone\"><img aria-describedby=\"caption-attachment-798\" decoding=\"async\" loading=\"lazy\" class=\" wp-image-798\" src=\"http:\/\/lisbonclassics.com\/wp-content\/uploads\/2016\/01\/vila_conde_1975-300x171.jpg\" alt=\"Vila do Conde 1975 \u2013 Ainda n\u00e3o havia bancadas para o p\u00fablico na curva do Castelo, que assistia sem qualquer protec\u00e7\u00e3o\u2026\" width=\"639\" height=\"364\" srcset=\"http:\/\/lisbonclassics.com\/wp-content\/uploads\/2016\/01\/vila_conde_1975-300x171.jpg 300w, http:\/\/lisbonclassics.com\/wp-content\/uploads\/2016\/01\/vila_conde_1975.jpg 640w\" sizes=\"(max-width: 639px) 100vw, 639px\" \/><p id=\"caption-attachment-798\" class=\"wp-caption-text\">Vila do Conde 1975 \u2013 Ainda n\u00e3o havia bancadas para o p\u00fablico na curva do Castelo, que assistia sem qualquer protec\u00e7\u00e3o\u2026<\/p><\/div>\n<p>&nbsp;<\/p>\n<div id=\"attachment_819\" style=\"width: 650px\" class=\"wp-caption alignnone\"><img aria-describedby=\"caption-attachment-819\" decoding=\"async\" loading=\"lazy\" class=\" wp-image-819\" src=\"http:\/\/lisbonclassics.com\/wp-content\/uploads\/2016\/02\/vila_conde_1975_piao-300x181.jpg\" alt=\"Vila do Conde 1975 \u2013 Seguido por Aguiar Ramos ( Capri 3000 GT ), depois de um pi\u00e3o de Carlos Fernandes Belo ( Alfa 2000 GTV ).\" width=\"640\" height=\"386\" srcset=\"http:\/\/lisbonclassics.com\/wp-content\/uploads\/2016\/02\/vila_conde_1975_piao-300x181.jpg 300w, http:\/\/lisbonclassics.com\/wp-content\/uploads\/2016\/02\/vila_conde_1975_piao.jpg 640w\" sizes=\"(max-width: 640px) 100vw, 640px\" \/><p id=\"caption-attachment-819\" class=\"wp-caption-text\">Vila do Conde 1975 \u2013 Seguido por Aguiar Ramos ( Capri 3000 GT ), depois de um pi\u00e3o de Carlos Fernandes Belo ( Alfa 2000 GTV ).<\/p><\/div>\n<p>&nbsp;<\/p>\n<div id=\"attachment_815\" style=\"width: 650px\" class=\"wp-caption alignnone\"><img aria-describedby=\"caption-attachment-815\" decoding=\"async\" loading=\"lazy\" class=\" wp-image-815\" src=\"http:\/\/lisbonclassics.com\/wp-content\/uploads\/2016\/02\/autodromo-1975-300x167.jpg\" alt=\"Aut\u00f3dromo 1975 \u2013 Merlyn Ford\" width=\"640\" height=\"356\" srcset=\"http:\/\/lisbonclassics.com\/wp-content\/uploads\/2016\/02\/autodromo-1975-300x167.jpg 300w, http:\/\/lisbonclassics.com\/wp-content\/uploads\/2016\/02\/autodromo-1975.jpg 640w\" sizes=\"(max-width: 640px) 100vw, 640px\" \/><p id=\"caption-attachment-815\" class=\"wp-caption-text\">Aut\u00f3dromo 1975 \u2013 Merlyn Ford<\/p><\/div>\n<p>&nbsp;<\/p>\n<p><i><img decoding=\"async\" loading=\"lazy\" class=\"alignnone wp-image-792 size-full\" src=\"http:\/\/lisbonclassics.com\/wp-content\/uploads\/2016\/01\/voltaportugal1976.jpg\" alt=\"voltaportugal1976\" width=\"640\" height=\"439\" srcset=\"http:\/\/lisbonclassics.com\/wp-content\/uploads\/2016\/01\/voltaportugal1976.jpg 640w, http:\/\/lisbonclassics.com\/wp-content\/uploads\/2016\/01\/voltaportugal1976-300x206.jpg 300w\" sizes=\"(max-width: 640px) 100vw, 640px\" \/><\/i><\/p>\n<p><i>Volta a Portugal 1976<\/i><\/p>\n<p><i><img decoding=\"async\" loading=\"lazy\" class=\"alignnone size-full wp-image-796\" src=\"http:\/\/lisbonclassics.com\/wp-content\/uploads\/2016\/01\/rallie_portugal_1976.jpg\" alt=\"rallie_portugal_1976\" width=\"640\" height=\"413\" srcset=\"http:\/\/lisbonclassics.com\/wp-content\/uploads\/2016\/01\/rallie_portugal_1976.jpg 640w, http:\/\/lisbonclassics.com\/wp-content\/uploads\/2016\/01\/rallie_portugal_1976-300x194.jpg 300w\" sizes=\"(max-width: 640px) 100vw, 640px\" \/><\/i><\/p>\n<p><i>Rallie de Portugal 1976 &#8211; Montejunto<\/i><\/p>\n<p>&nbsp;<\/p>\n<p>&nbsp;<\/p>\n<p><img decoding=\"async\" loading=\"lazy\" class=\"alignnone size-full wp-image-800\" src=\"http:\/\/lisbonclassics.com\/wp-content\/uploads\/2016\/01\/rallie_antas_1976.jpg\" alt=\"rallie_antas_1976\" width=\"640\" height=\"352\" srcset=\"http:\/\/lisbonclassics.com\/wp-content\/uploads\/2016\/01\/rallie_antas_1976.jpg 640w, http:\/\/lisbonclassics.com\/wp-content\/uploads\/2016\/01\/rallie_antas_1976-300x165.jpg 300w\" sizes=\"(max-width: 640px) 100vw, 640px\" \/><\/p>\n<p><i>Rallie \u00e0s Antas 1976<\/i><\/p>\n<p>&nbsp;<\/p>\n<p><i>\u00a0<\/i><\/p>\n<p><img decoding=\"async\" loading=\"lazy\" class=\"alignnone size-full wp-image-805\" src=\"http:\/\/lisbonclassics.com\/wp-content\/uploads\/2016\/02\/rallie_as_antas_1976.jpg\" alt=\"rallie_as_antas_1976\" width=\"640\" height=\"353\" srcset=\"http:\/\/lisbonclassics.com\/wp-content\/uploads\/2016\/02\/rallie_as_antas_1976.jpg 640w, http:\/\/lisbonclassics.com\/wp-content\/uploads\/2016\/02\/rallie_as_antas_1976-300x165.jpg 300w\" sizes=\"(max-width: 640px) 100vw, 640px\" \/><\/p>\n<p><i>Rallie \u00e0s Antas 1976 com Jos\u00e9 ( Matr\u00edculas ) Ferreira<\/i><\/p>\n<p><img decoding=\"async\" loading=\"lazy\" class=\"alignnone size-full wp-image-807\" src=\"http:\/\/lisbonclassics.com\/wp-content\/uploads\/2016\/02\/rampa_serra_estrela_1976.jpg\" alt=\"rampa_serra_estrela_1976\" width=\"640\" height=\"346\" srcset=\"http:\/\/lisbonclassics.com\/wp-content\/uploads\/2016\/02\/rampa_serra_estrela_1976.jpg 640w, http:\/\/lisbonclassics.com\/wp-content\/uploads\/2016\/02\/rampa_serra_estrela_1976-300x162.jpg 300w\" sizes=\"(max-width: 640px) 100vw, 640px\" \/><\/p>\n<p><i>Rampa da Serra da Estrela 1976. Reparem como ainda era poss\u00edvel ter os carros estacionados na rampa, no decorrer da prova..<\/i><\/p>\n<p><img decoding=\"async\" loading=\"lazy\" class=\"alignnone size-full wp-image-809\" src=\"http:\/\/lisbonclassics.com\/wp-content\/uploads\/2016\/02\/rampa_serra_estrela_1976_.jpg\" alt=\"rampa_serra_estrela_1976_\" width=\"640\" height=\"392\" srcset=\"http:\/\/lisbonclassics.com\/wp-content\/uploads\/2016\/02\/rampa_serra_estrela_1976_.jpg 640w, http:\/\/lisbonclassics.com\/wp-content\/uploads\/2016\/02\/rampa_serra_estrela_1976_-300x184.jpg 300w\" sizes=\"(max-width: 640px) 100vw, 640px\" \/><\/p>\n<p><i>Rampa da Serra da Estrela 1976. Algumas m\u00e1quinas \u00e0 espera de subir. O Porsche do Andr\u00e9 Martinho com um n\u00famero sugestivo..<\/i><\/p>\n<p><img decoding=\"async\" loading=\"lazy\" class=\"alignnone size-full wp-image-811\" src=\"http:\/\/lisbonclassics.com\/wp-content\/uploads\/2016\/02\/rallie_antas_1976_.jpg\" alt=\"rallie_antas_1976_\" width=\"640\" height=\"371\" srcset=\"http:\/\/lisbonclassics.com\/wp-content\/uploads\/2016\/02\/rallie_antas_1976_.jpg 640w, http:\/\/lisbonclassics.com\/wp-content\/uploads\/2016\/02\/rallie_antas_1976_-300x174.jpg 300w\" sizes=\"(max-width: 640px) 100vw, 640px\" \/><\/p>\n<p><i>Rallie \u00e0s Antas 1976 &#8211; \u00c0 noite, os rallies tinham outro sabor e os far\u00f3is nunca eram demais&#8230;<\/i><\/p>\n<p>&nbsp;<\/p>\n<p><img decoding=\"async\" loading=\"lazy\" class=\"alignnone size-full wp-image-821\" src=\"http:\/\/lisbonclassics.com\/wp-content\/uploads\/2016\/02\/rampa_serra_estrela_1976_mini.jpg\" alt=\"rampa_serra_estrela_1976_mini\" width=\"640\" height=\"375\" srcset=\"http:\/\/lisbonclassics.com\/wp-content\/uploads\/2016\/02\/rampa_serra_estrela_1976_mini.jpg 640w, http:\/\/lisbonclassics.com\/wp-content\/uploads\/2016\/02\/rampa_serra_estrela_1976_mini-300x176.jpg 300w\" sizes=\"(max-width: 640px) 100vw, 640px\" \/><\/p>\n<p><i>Rampa da Serra da Estrela 1976 &#8211; Por incr\u00edvel que pare\u00e7a, o Cooper S correu no dia seguinte&#8230;<\/i><\/p>\n<p>&nbsp;<\/p>\n<p><i>\u00a0<\/i><\/p>\n<p><img decoding=\"async\" loading=\"lazy\" class=\"alignnone size-full wp-image-825\" src=\"http:\/\/lisbonclassics.com\/wp-content\/uploads\/2016\/02\/rallie_academico_1976.jpg\" alt=\"rallie_academico_1976\" width=\"640\" height=\"437\" srcset=\"http:\/\/lisbonclassics.com\/wp-content\/uploads\/2016\/02\/rallie_academico_1976.jpg 640w, http:\/\/lisbonclassics.com\/wp-content\/uploads\/2016\/02\/rallie_academico_1976-300x205.jpg 300w, http:\/\/lisbonclassics.com\/wp-content\/uploads\/2016\/02\/rallie_academico_1976-500x340.jpg 500w\" sizes=\"(max-width: 640px) 100vw, 640px\" \/><\/p>\n<p><i>Rallie do Acad\u00e9mico 1976<\/i><\/p>\n<p><img decoding=\"async\" loading=\"lazy\" class=\"alignnone size-full wp-image-827\" src=\"http:\/\/lisbonclassics.com\/wp-content\/uploads\/2016\/02\/rallie_portugal_1976_assistencia.jpg\" alt=\"rallie_portugal_1976_assistencia\" width=\"640\" height=\"400\" srcset=\"http:\/\/lisbonclassics.com\/wp-content\/uploads\/2016\/02\/rallie_portugal_1976_assistencia.jpg 640w, http:\/\/lisbonclassics.com\/wp-content\/uploads\/2016\/02\/rallie_portugal_1976_assistencia-300x188.jpg 300w\" sizes=\"(max-width: 640px) 100vw, 640px\" \/><\/p>\n<p><i>Rallie de Portugal 1976. Na assistencia, entre outros, Jos\u00e9 Maria S\u00e1 Chaves e Manuel In\u00e1cio.<\/i><\/p>\n<p><img decoding=\"async\" loading=\"lazy\" class=\"alignnone size-full wp-image-829\" src=\"http:\/\/lisbonclassics.com\/wp-content\/uploads\/2016\/02\/rallie_portugal_1976_.jpg\" alt=\"rallie_portugal_1976_\" width=\"640\" height=\"348\" srcset=\"http:\/\/lisbonclassics.com\/wp-content\/uploads\/2016\/02\/rallie_portugal_1976_.jpg 640w, http:\/\/lisbonclassics.com\/wp-content\/uploads\/2016\/02\/rallie_portugal_1976_-300x163.jpg 300w\" sizes=\"(max-width: 640px) 100vw, 640px\" \/><\/p>\n<p><i>Rallie de Portugal 1976.<\/i><\/p>\n<p><img decoding=\"async\" loading=\"lazy\" class=\"alignnone size-full wp-image-831\" src=\"http:\/\/lisbonclassics.com\/wp-content\/uploads\/2016\/02\/opel_1904.jpg\" alt=\"opel_1904\" width=\"640\" height=\"420\" srcset=\"http:\/\/lisbonclassics.com\/wp-content\/uploads\/2016\/02\/opel_1904.jpg 640w, http:\/\/lisbonclassics.com\/wp-content\/uploads\/2016\/02\/opel_1904-300x197.jpg 300w\" sizes=\"(max-width: 640px) 100vw, 640px\" \/><\/p>\n<p><i>Opel 1904 SR GR 1, Aut\u00f3dromo 1976<\/i><\/p>\n<p><img decoding=\"async\" loading=\"lazy\" class=\"alignnone size-full wp-image-833\" src=\"http:\/\/lisbonclassics.com\/wp-content\/uploads\/2016\/02\/autodromo_1976_.jpg\" alt=\"autodromo_1976_\" width=\"640\" height=\"321\" srcset=\"http:\/\/lisbonclassics.com\/wp-content\/uploads\/2016\/02\/autodromo_1976_.jpg 640w, http:\/\/lisbonclassics.com\/wp-content\/uploads\/2016\/02\/autodromo_1976_-300x150.jpg 300w\" sizes=\"(max-width: 640px) 100vw, 640px\" \/><\/p>\n<p><i>Aut\u00f3dromo em 1976. Despique com o Alfa Romeo de Carlos Ferreira<\/i><\/p>\n<p><img decoding=\"async\" loading=\"lazy\" class=\"alignnone size-full wp-image-835\" src=\"http:\/\/lisbonclassics.com\/wp-content\/uploads\/2016\/02\/1976_opel-1904.jpg\" alt=\"1976_opel 1904\" width=\"640\" height=\"440\" srcset=\"http:\/\/lisbonclassics.com\/wp-content\/uploads\/2016\/02\/1976_opel-1904.jpg 640w, http:\/\/lisbonclassics.com\/wp-content\/uploads\/2016\/02\/1976_opel-1904-300x206.jpg 300w\" sizes=\"(max-width: 640px) 100vw, 640px\" \/><\/p>\n<p><i>1976 &#8211; Al\u00e9m de robusto e fi\u00e1vel, o 1904 SR era r\u00e1pido se conduzido nos limites..<\/i><\/p>\n<p><img decoding=\"async\" loading=\"lazy\" class=\"alignnone size-full wp-image-837\" src=\"http:\/\/lisbonclassics.com\/wp-content\/uploads\/2016\/02\/opel_1904_SR.jpg\" alt=\"opel_1904_SR\" width=\"640\" height=\"332\" srcset=\"http:\/\/lisbonclassics.com\/wp-content\/uploads\/2016\/02\/opel_1904_SR.jpg 640w, http:\/\/lisbonclassics.com\/wp-content\/uploads\/2016\/02\/opel_1904_SR-300x156.jpg 300w\" sizes=\"(max-width: 640px) 100vw, 640px\" \/><\/p>\n<p><i>Para se andar depressa nos 1904 SR, era assim&#8230;<\/i><\/p>\n<p><img decoding=\"async\" loading=\"lazy\" class=\"alignnone size-full wp-image-839\" src=\"http:\/\/lisbonclassics.com\/wp-content\/uploads\/2016\/02\/rallie_sporting_1976.jpg\" alt=\"rallie_sporting_1976\" width=\"640\" height=\"300\" srcset=\"http:\/\/lisbonclassics.com\/wp-content\/uploads\/2016\/02\/rallie_sporting_1976.jpg 640w, http:\/\/lisbonclassics.com\/wp-content\/uploads\/2016\/02\/rallie_sporting_1976-300x141.jpg 300w\" sizes=\"(max-width: 640px) 100vw, 640px\" \/><\/p>\n<p><i>Rallie do Sporting 1976<\/i><\/p>\n<p><img decoding=\"async\" loading=\"lazy\" class=\"alignnone size-full wp-image-841\" src=\"http:\/\/lisbonclassics.com\/wp-content\/uploads\/2016\/02\/rallie_sporting_opel1904_1976.jpg\" alt=\"rallie_sporting_opel1904_1976\" width=\"640\" height=\"537\" srcset=\"http:\/\/lisbonclassics.com\/wp-content\/uploads\/2016\/02\/rallie_sporting_opel1904_1976.jpg 640w, http:\/\/lisbonclassics.com\/wp-content\/uploads\/2016\/02\/rallie_sporting_opel1904_1976-300x252.jpg 300w\" sizes=\"(max-width: 640px) 100vw, 640px\" \/><\/p>\n<p><i>Rallie do Sporting 1976 &#8211; A \u00faltima prova com o 1904 SR. Um carro que me deixou muitas saudades.<\/i><\/p>\n<p><img decoding=\"async\" loading=\"lazy\" class=\"alignnone size-full wp-image-843\" src=\"http:\/\/lisbonclassics.com\/wp-content\/uploads\/2016\/02\/1977_rallie_centro.jpg\" alt=\"1977_rallie_centro\" width=\"640\" height=\"392\" srcset=\"http:\/\/lisbonclassics.com\/wp-content\/uploads\/2016\/02\/1977_rallie_centro.jpg 640w, http:\/\/lisbonclassics.com\/wp-content\/uploads\/2016\/02\/1977_rallie_centro-300x184.jpg 300w\" sizes=\"(max-width: 640px) 100vw, 640px\" \/><\/p>\n<p><i>1977 &#8211; Rallie do Centro em Datsun 240 Z ( ex f\u00e1brica ), comprado a Toy Borges e Jo\u00e3o Anjos.<\/i><\/p>\n<p><img decoding=\"async\" loading=\"lazy\" class=\"alignnone size-full wp-image-845\" src=\"http:\/\/lisbonclassics.com\/wp-content\/uploads\/2016\/02\/1977_rallie_centro_Z.jpg\" alt=\"1977_rallie_centro_Z\" width=\"640\" height=\"317\" srcset=\"http:\/\/lisbonclassics.com\/wp-content\/uploads\/2016\/02\/1977_rallie_centro_Z.jpg 640w, http:\/\/lisbonclassics.com\/wp-content\/uploads\/2016\/02\/1977_rallie_centro_Z-300x149.jpg 300w\" sizes=\"(max-width: 640px) 100vw, 640px\" \/><\/p>\n<p><i>Rallie do Centro 1977 &#8211; Com 280 cavalos, o Z era um carro muito dif\u00edcil de conduzir, mas que proporcionava um enorme prazer.<\/i><\/p>\n<p><i><img decoding=\"async\" loading=\"lazy\" class=\"alignnone size-full wp-image-848\" src=\"http:\/\/lisbonclassics.com\/wp-content\/uploads\/2016\/02\/rallie_portugal_1977.jpg\" alt=\"rallie_portugal_1977\" width=\"640\" height=\"358\" srcset=\"http:\/\/lisbonclassics.com\/wp-content\/uploads\/2016\/02\/rallie_portugal_1977.jpg 640w, http:\/\/lisbonclassics.com\/wp-content\/uploads\/2016\/02\/rallie_portugal_1977-300x168.jpg 300w\" sizes=\"(max-width: 640px) 100vw, 640px\" \/><\/i><\/p>\n<p><i>Rallie de Portugal 1977 &#8211; Montejunto<\/i><\/p>\n<p><img decoding=\"async\" loading=\"lazy\" class=\"alignnone size-full wp-image-850\" src=\"http:\/\/lisbonclassics.com\/wp-content\/uploads\/2016\/02\/rallie_portugal_1977_.jpg\" alt=\"rallie_portugal_1977_\" width=\"640\" height=\"377\" srcset=\"http:\/\/lisbonclassics.com\/wp-content\/uploads\/2016\/02\/rallie_portugal_1977_.jpg 640w, http:\/\/lisbonclassics.com\/wp-content\/uploads\/2016\/02\/rallie_portugal_1977_-300x177.jpg 300w\" sizes=\"(max-width: 640px) 100vw, 640px\" \/><\/p>\n<p><i>Rallie de Portugal 1977 &#8211; Os tro\u00e7os em terra eram de extrema dureza, mas o p\u00fablico adorava..<\/i><\/p>\n<p><img decoding=\"async\" loading=\"lazy\" class=\"alignnone size-full wp-image-852\" src=\"http:\/\/lisbonclassics.com\/wp-content\/uploads\/2016\/02\/rallie_portugal_1977_povoa.jpg\" alt=\"rallie_portugal_1977_povoa\" width=\"640\" height=\"417\" srcset=\"http:\/\/lisbonclassics.com\/wp-content\/uploads\/2016\/02\/rallie_portugal_1977_povoa.jpg 640w, http:\/\/lisbonclassics.com\/wp-content\/uploads\/2016\/02\/rallie_portugal_1977_povoa-300x195.jpg 300w\" sizes=\"(max-width: 640px) 100vw, 640px\" \/><\/p>\n<p><i>Rallie de Portugal 1977 &#8211; \u00c0 partida da P\u00f3voa de Varzim com Chano Branco.<\/i><\/p>\n<p><img decoding=\"async\" loading=\"lazy\" class=\"alignnone size-full wp-image-854\" src=\"http:\/\/lisbonclassics.com\/wp-content\/uploads\/2016\/02\/rallie_portugal_1977_carroceria.jpg\" alt=\"rallie_portugal_1977_carroceria\" width=\"640\" height=\"323\" srcset=\"http:\/\/lisbonclassics.com\/wp-content\/uploads\/2016\/02\/rallie_portugal_1977_carroceria.jpg 640w, http:\/\/lisbonclassics.com\/wp-content\/uploads\/2016\/02\/rallie_portugal_1977_carroceria-300x151.jpg 300w\" sizes=\"(max-width: 640px) 100vw, 640px\" \/><\/p>\n<p><i>Rallie de Portugal 1977. A carro\u00e7eria em alum\u00ednio, j\u00e1 se come\u00e7ava a desfazer&#8230; e ainda est\u00e1vamos na Cabreira&#8230;<\/i><\/p>\n<p><img decoding=\"async\" loading=\"lazy\" class=\"alignnone size-full wp-image-856\" src=\"http:\/\/lisbonclassics.com\/wp-content\/uploads\/2016\/02\/rallie_portugal_1977_cordas.jpg\" alt=\"rallie_portugal_1977_cordas\" width=\"640\" height=\"393\" srcset=\"http:\/\/lisbonclassics.com\/wp-content\/uploads\/2016\/02\/rallie_portugal_1977_cordas.jpg 640w, http:\/\/lisbonclassics.com\/wp-content\/uploads\/2016\/02\/rallie_portugal_1977_cordas-300x184.jpg 300w\" sizes=\"(max-width: 640px) 100vw, 640px\" \/><\/p>\n<p><i>Rallie de Portugal 1977 &#8211; Perto de desistir, a carroceria s\u00f3 se mantinha no lugar com cordas e el\u00e1sticos&#8230;<\/i><\/p>\n<p><img decoding=\"async\" loading=\"lazy\" class=\"alignnone size-full wp-image-858\" src=\"http:\/\/lisbonclassics.com\/wp-content\/uploads\/2016\/02\/rallie_camelias_1985.jpg\" alt=\"rallie_camelias_1985\" width=\"640\" height=\"321\" srcset=\"http:\/\/lisbonclassics.com\/wp-content\/uploads\/2016\/02\/rallie_camelias_1985.jpg 640w, http:\/\/lisbonclassics.com\/wp-content\/uploads\/2016\/02\/rallie_camelias_1985-300x150.jpg 300w\" sizes=\"(max-width: 640px) 100vw, 640px\" \/><\/p>\n<p><i>Rallie das Cam\u00e9lias 1985 &#8211; O Opel Kadett GTE, era f\u00e1cil de conduzir e muito efic\u00e1z.<\/i><\/p>\n<p><img decoding=\"async\" loading=\"lazy\" class=\"alignnone size-full wp-image-860\" src=\"http:\/\/lisbonclassics.com\/wp-content\/uploads\/2016\/02\/rallie_camelias_1985_vitoria.jpg\" alt=\"rallie_camelias_1985_vitoria\" width=\"640\" height=\"419\" srcset=\"http:\/\/lisbonclassics.com\/wp-content\/uploads\/2016\/02\/rallie_camelias_1985_vitoria.jpg 640w, http:\/\/lisbonclassics.com\/wp-content\/uploads\/2016\/02\/rallie_camelias_1985_vitoria-300x196.jpg 300w\" sizes=\"(max-width: 640px) 100vw, 640px\" \/><\/p>\n<p><i>Vit\u00f3ria em GR. 2 e 4 nas Cam\u00e9lias em 1985, com o Kadett GTE.<\/i><\/p>\n<p><img decoding=\"async\" loading=\"lazy\" class=\"alignnone size-full wp-image-862\" src=\"http:\/\/lisbonclassics.com\/wp-content\/uploads\/2016\/02\/rallie_camelias_1985_curva.jpg\" alt=\"rallie_camelias_1985_curva\" width=\"640\" height=\"408\" srcset=\"http:\/\/lisbonclassics.com\/wp-content\/uploads\/2016\/02\/rallie_camelias_1985_curva.jpg 640w, http:\/\/lisbonclassics.com\/wp-content\/uploads\/2016\/02\/rallie_camelias_1985_curva-300x191.jpg 300w\" sizes=\"(max-width: 640px) 100vw, 640px\" \/><\/p>\n<p><i>Ainda nas Cam\u00e9lias em 1985<\/i><\/p>\n<p><img decoding=\"async\" loading=\"lazy\" class=\"alignnone size-full wp-image-864\" src=\"http:\/\/lisbonclassics.com\/wp-content\/uploads\/2016\/02\/1985_contrato.jpg\" alt=\"1985_contrato\" width=\"640\" height=\"362\" srcset=\"http:\/\/lisbonclassics.com\/wp-content\/uploads\/2016\/02\/1985_contrato.jpg 640w, http:\/\/lisbonclassics.com\/wp-content\/uploads\/2016\/02\/1985_contrato-300x170.jpg 300w\" sizes=\"(max-width: 640px) 100vw, 640px\" \/><\/p>\n<p><i>1985 &#8211; Assinatura do contrato com a L&rsquo;Or\u00e9al-Drakkar Noir, na presen\u00e7a de Patrick Dillon e Jos\u00e9 Bernardino Lampreia.<\/i><\/p>\n<p><img decoding=\"async\" loading=\"lazy\" class=\"alignnone size-full wp-image-866\" src=\"http:\/\/lisbonclassics.com\/wp-content\/uploads\/2016\/02\/1985_renault5.jpg\" alt=\"1985_renault5\" width=\"640\" height=\"417\" srcset=\"http:\/\/lisbonclassics.com\/wp-content\/uploads\/2016\/02\/1985_renault5.jpg 640w, http:\/\/lisbonclassics.com\/wp-content\/uploads\/2016\/02\/1985_renault5-300x195.jpg 300w\" sizes=\"(max-width: 640px) 100vw, 640px\" \/><\/p>\n<p><i>1985 &#8211; Renault 5 Alpine Turbo com Armando Quina Falc\u00e3o.<\/i><\/p>\n<p><img decoding=\"async\" loading=\"lazy\" class=\"alignnone size-full wp-image-868\" src=\"http:\/\/lisbonclassics.com\/wp-content\/uploads\/2016\/02\/1985_rallie_rotadosol.jpg\" alt=\"1985_rallie_rotadosol\" width=\"640\" height=\"426\" srcset=\"http:\/\/lisbonclassics.com\/wp-content\/uploads\/2016\/02\/1985_rallie_rotadosol.jpg 640w, http:\/\/lisbonclassics.com\/wp-content\/uploads\/2016\/02\/1985_rallie_rotadosol-300x200.jpg 300w\" sizes=\"(max-width: 640px) 100vw, 640px\" \/><\/p>\n<p><i>1985 &#8211; Rallie Rota do Sol. Estreia do Renault 5 GT Turbo.<\/i><\/p>\n<p><img decoding=\"async\" loading=\"lazy\" class=\"alignnone size-full wp-image-870\" src=\"http:\/\/lisbonclassics.com\/wp-content\/uploads\/2016\/02\/1985_rallie_rotadosol_2.jpg\" alt=\"1985_rallie_rotadosol_2\" width=\"640\" height=\"258\" srcset=\"http:\/\/lisbonclassics.com\/wp-content\/uploads\/2016\/02\/1985_rallie_rotadosol_2.jpg 640w, http:\/\/lisbonclassics.com\/wp-content\/uploads\/2016\/02\/1985_rallie_rotadosol_2-300x121.jpg 300w\" sizes=\"(max-width: 640px) 100vw, 640px\" \/><\/p>\n<p><i>1985 &#8211; Rallie Rota do Sol, sempre com imenso p\u00fablico.<\/i><\/p>\n<p><img decoding=\"async\" loading=\"lazy\" class=\"alignnone size-full wp-image-872\" src=\"http:\/\/lisbonclassics.com\/wp-content\/uploads\/2016\/02\/1985_rallie_rotadosol_3.jpg\" alt=\"1985_rallie_rotadosol_3\" width=\"640\" height=\"414\" srcset=\"http:\/\/lisbonclassics.com\/wp-content\/uploads\/2016\/02\/1985_rallie_rotadosol_3.jpg 640w, http:\/\/lisbonclassics.com\/wp-content\/uploads\/2016\/02\/1985_rallie_rotadosol_3-300x194.jpg 300w\" sizes=\"(max-width: 640px) 100vw, 640px\" \/><\/p>\n<p><i>1985 &#8211; Rallie Rota do Sol, um dos meus preferidos.<br \/>\n<\/i><\/p>\n<p><img decoding=\"async\" loading=\"lazy\" class=\"alignnone size-full wp-image-875\" src=\"http:\/\/lisbonclassics.com\/wp-content\/uploads\/2016\/02\/1985_rallie_marao.jpg\" alt=\"1985_rallie_marao\" width=\"640\" height=\"502\" srcset=\"http:\/\/lisbonclassics.com\/wp-content\/uploads\/2016\/02\/1985_rallie_marao.jpg 640w, http:\/\/lisbonclassics.com\/wp-content\/uploads\/2016\/02\/1985_rallie_marao-300x235.jpg 300w\" sizes=\"(max-width: 640px) 100vw, 640px\" \/><\/p>\n<p><i>H\u00e1 mecanicos e mecanicos !! O meu entregou-me o carro assim&#8230; depois de uma experienciazinha com o Fif\u00e9&#8230;<\/i><\/p>\n<p><img decoding=\"async\" loading=\"lazy\" class=\"alignnone size-full wp-image-877\" src=\"http:\/\/lisbonclassics.com\/wp-content\/uploads\/2016\/02\/1985_volta_portugal.jpg\" alt=\"1985_volta_portugal\" width=\"640\" height=\"426\" srcset=\"http:\/\/lisbonclassics.com\/wp-content\/uploads\/2016\/02\/1985_volta_portugal.jpg 640w, http:\/\/lisbonclassics.com\/wp-content\/uploads\/2016\/02\/1985_volta_portugal-300x200.jpg 300w\" sizes=\"(max-width: 640px) 100vw, 640px\" \/><\/p>\n<p><i>Com a vit\u00f3ria \u00e0 vista, toc\u00e1mos numa raiz no \u00faltimo tro\u00e7o&#8230; e n\u00e3o ganh\u00e1mos !!<\/i><\/p>\n<p><img decoding=\"async\" loading=\"lazy\" class=\"alignnone size-full wp-image-879\" src=\"http:\/\/lisbonclassics.com\/wp-content\/uploads\/2016\/02\/1985_rallie_portugal_1985_desistencia.jpg\" alt=\"1985_rallie_portugal_1985_desistencia\" width=\"640\" height=\"467\" srcset=\"http:\/\/lisbonclassics.com\/wp-content\/uploads\/2016\/02\/1985_rallie_portugal_1985_desistencia.jpg 640w, http:\/\/lisbonclassics.com\/wp-content\/uploads\/2016\/02\/1985_rallie_portugal_1985_desistencia-300x219.jpg 300w\" sizes=\"(max-width: 640px) 100vw, 640px\" \/><\/p>\n<p><i>Com Luis Moutinho e Miguel Ferr\u00e3o ap\u00f3s a desist\u00eancia.<\/i><\/p>\n<p><img decoding=\"async\" loading=\"lazy\" class=\"alignnone size-full wp-image-881\" src=\"http:\/\/lisbonclassics.com\/wp-content\/uploads\/2016\/02\/rallies_proporcionam_imagens.jpg\" alt=\"rallies_proporcionam_imagens\" width=\"640\" height=\"387\" srcset=\"http:\/\/lisbonclassics.com\/wp-content\/uploads\/2016\/02\/rallies_proporcionam_imagens.jpg 640w, http:\/\/lisbonclassics.com\/wp-content\/uploads\/2016\/02\/rallies_proporcionam_imagens-300x181.jpg 300w\" sizes=\"(max-width: 640px) 100vw, 640px\" \/><\/p>\n<p><i>Os Rallies proporcionam estas imagens&#8230;<\/i><\/p>\n<p><img decoding=\"async\" loading=\"lazy\" class=\"alignnone size-full wp-image-883\" src=\"http:\/\/lisbonclassics.com\/wp-content\/uploads\/2016\/02\/Rallie_camelias_1986.jpg\" alt=\"Rallie_camelias_1986\" width=\"640\" height=\"420\" srcset=\"http:\/\/lisbonclassics.com\/wp-content\/uploads\/2016\/02\/Rallie_camelias_1986.jpg 640w, http:\/\/lisbonclassics.com\/wp-content\/uploads\/2016\/02\/Rallie_camelias_1986-300x197.jpg 300w\" sizes=\"(max-width: 640px) 100vw, 640px\" \/><\/p>\n<p><i>Rallye das Cam\u00e9lias com Rui Bevilaqua em 1986<\/i><\/p>\n<p><img decoding=\"async\" loading=\"lazy\" class=\"alignnone size-full wp-image-885\" src=\"http:\/\/lisbonclassics.com\/wp-content\/uploads\/2016\/02\/1986_rallie_porto.jpg\" alt=\"1986_rallie_porto\" width=\"640\" height=\"375\" srcset=\"http:\/\/lisbonclassics.com\/wp-content\/uploads\/2016\/02\/1986_rallie_porto.jpg 640w, http:\/\/lisbonclassics.com\/wp-content\/uploads\/2016\/02\/1986_rallie_porto-300x176.jpg 300w\" sizes=\"(max-width: 640px) 100vw, 640px\" \/><\/p>\n<p><i>1986 &#8211; Rallie do Porto<\/i><\/p>\n<p><img decoding=\"async\" loading=\"lazy\" class=\"alignnone size-full wp-image-887\" src=\"http:\/\/lisbonclassics.com\/wp-content\/uploads\/2016\/02\/1986_rampa_caramulo.jpg\" alt=\"1986_rampa_caramulo\" width=\"640\" height=\"351\" srcset=\"http:\/\/lisbonclassics.com\/wp-content\/uploads\/2016\/02\/1986_rampa_caramulo.jpg 640w, http:\/\/lisbonclassics.com\/wp-content\/uploads\/2016\/02\/1986_rampa_caramulo-300x165.jpg 300w\" sizes=\"(max-width: 640px) 100vw, 640px\" \/><\/p>\n<p><i>1986 &#8211; Rampa do Caramulo<\/i><\/p>\n<p><img decoding=\"async\" loading=\"lazy\" class=\"alignnone size-full wp-image-889\" src=\"http:\/\/lisbonclassics.com\/wp-content\/uploads\/2016\/02\/1986_rallie_rotadosol.jpg\" alt=\"1986_rallie_rotadosol\" width=\"640\" height=\"383\" srcset=\"http:\/\/lisbonclassics.com\/wp-content\/uploads\/2016\/02\/1986_rallie_rotadosol.jpg 640w, http:\/\/lisbonclassics.com\/wp-content\/uploads\/2016\/02\/1986_rallie_rotadosol-300x180.jpg 300w\" sizes=\"(max-width: 640px) 100vw, 640px\" \/><\/p>\n<p><i>1986 &#8211; Rallie Rota do Sol<\/i><\/p>\n<p><i><img decoding=\"async\" loading=\"lazy\" class=\"alignnone size-full wp-image-891\" src=\"http:\/\/lisbonclassics.com\/wp-content\/uploads\/2016\/02\/1986_rampa_falperra.jpg\" alt=\"1986_rampa_falperra\" width=\"640\" height=\"498\" srcset=\"http:\/\/lisbonclassics.com\/wp-content\/uploads\/2016\/02\/1986_rampa_falperra.jpg 640w, http:\/\/lisbonclassics.com\/wp-content\/uploads\/2016\/02\/1986_rampa_falperra-300x233.jpg 300w\" sizes=\"(max-width: 640px) 100vw, 640px\" \/><\/i><\/p>\n<p><i>1986 &#8211; Rampa da Falperra<\/i><\/p>\n<p><img decoding=\"async\" loading=\"lazy\" class=\"alignnone size-full wp-image-893\" src=\"http:\/\/lisbonclassics.com\/wp-content\/uploads\/2016\/02\/1986_rampa_portalegre.jpg\" alt=\"1986_rampa_portalegre\" width=\"640\" height=\"423\" srcset=\"http:\/\/lisbonclassics.com\/wp-content\/uploads\/2016\/02\/1986_rampa_portalegre.jpg 640w, http:\/\/lisbonclassics.com\/wp-content\/uploads\/2016\/02\/1986_rampa_portalegre-300x198.jpg 300w\" sizes=\"(max-width: 640px) 100vw, 640px\" \/><\/p>\n<p><i>1986 &#8211; Uma rampa de que sempre gostei.<\/i><\/p>\n<p><img decoding=\"async\" loading=\"lazy\" class=\"alignnone size-full wp-image-895\" src=\"http:\/\/lisbonclassics.com\/wp-content\/uploads\/2016\/02\/1986_rampa_arra\u0301bida.jpg\" alt=\"1986_rampa_arra\u0301bida\" width=\"640\" height=\"421\" srcset=\"http:\/\/lisbonclassics.com\/wp-content\/uploads\/2016\/02\/1986_rampa_arra\u0301bida.jpg 640w, http:\/\/lisbonclassics.com\/wp-content\/uploads\/2016\/02\/1986_rampa_arra\u0301bida-300x197.jpg 300w\" sizes=\"(max-width: 640px) 100vw, 640px\" \/><\/p>\n<p><i>1986 &#8211; A mais bonita rampa portuguesa.<\/i><\/p>\n<p><img decoding=\"async\" loading=\"lazy\" class=\"alignnone size-full wp-image-897\" src=\"http:\/\/lisbonclassics.com\/wp-content\/uploads\/2016\/02\/1986_rampa_castelobranco.jpg\" alt=\"1986_rampa_castelobranco\" width=\"640\" height=\"423\" srcset=\"http:\/\/lisbonclassics.com\/wp-content\/uploads\/2016\/02\/1986_rampa_castelobranco.jpg 640w, http:\/\/lisbonclassics.com\/wp-content\/uploads\/2016\/02\/1986_rampa_castelobranco-300x198.jpg 300w\" sizes=\"(max-width: 640px) 100vw, 640px\" \/><\/p>\n<p><i>1986 &#8211; Rampa de Castelo Branco, uma rampa sem quaisquer condi\u00e7\u00f5es..<\/i><\/p>\n<p><img decoding=\"async\" loading=\"lazy\" class=\"alignnone size-full wp-image-899\" src=\"http:\/\/lisbonclassics.com\/wp-content\/uploads\/2016\/02\/1987_rampa_serra_estrela.jpg\" alt=\"1987_rampa_serra_estrela\" width=\"640\" height=\"395\" srcset=\"http:\/\/lisbonclassics.com\/wp-content\/uploads\/2016\/02\/1987_rampa_serra_estrela.jpg 640w, http:\/\/lisbonclassics.com\/wp-content\/uploads\/2016\/02\/1987_rampa_serra_estrela-300x185.jpg 300w\" sizes=\"(max-width: 640px) 100vw, 640px\" \/><\/p>\n<p>1987 &#8211; Rampa da Serra da Estrela<\/p>\n<p><img decoding=\"async\" loading=\"lazy\" class=\"alignnone size-full wp-image-901\" src=\"http:\/\/lisbonclassics.com\/wp-content\/uploads\/2016\/02\/1987_rampa_falperra.jpg\" alt=\"1987_rampa_falperra\" width=\"640\" height=\"292\" srcset=\"http:\/\/lisbonclassics.com\/wp-content\/uploads\/2016\/02\/1987_rampa_falperra.jpg 640w, http:\/\/lisbonclassics.com\/wp-content\/uploads\/2016\/02\/1987_rampa_falperra-300x137.jpg 300w\" sizes=\"(max-width: 640px) 100vw, 640px\" \/><\/p>\n<p><i>1987 &#8211; Rampa da Falperra<\/i><\/p>\n<p><img decoding=\"async\" loading=\"lazy\" class=\"alignnone size-full wp-image-903\" src=\"http:\/\/lisbonclassics.com\/wp-content\/uploads\/2016\/02\/1987_ralli_rotadosol.jpg\" alt=\"1987_ralli_rotadosol\" width=\"640\" height=\"388\" srcset=\"http:\/\/lisbonclassics.com\/wp-content\/uploads\/2016\/02\/1987_ralli_rotadosol.jpg 640w, http:\/\/lisbonclassics.com\/wp-content\/uploads\/2016\/02\/1987_ralli_rotadosol-300x182.jpg 300w\" sizes=\"(max-width: 640px) 100vw, 640px\" \/><\/p>\n<p><i>Com a Publiracing em 1987<\/i><\/p>\n<p><img decoding=\"async\" loading=\"lazy\" class=\"alignnone size-full wp-image-905\" src=\"http:\/\/lisbonclassics.com\/wp-content\/uploads\/2016\/02\/1987_ralli_rotadosol_2.jpg\" alt=\"1987_ralli_rotadosol_2\" width=\"640\" height=\"399\" srcset=\"http:\/\/lisbonclassics.com\/wp-content\/uploads\/2016\/02\/1987_ralli_rotadosol_2.jpg 640w, http:\/\/lisbonclassics.com\/wp-content\/uploads\/2016\/02\/1987_ralli_rotadosol_2-300x187.jpg 300w\" sizes=\"(max-width: 640px) 100vw, 640px\" \/><\/p>\n<p><i>Rallie Rota do Sol 1987<\/i><\/p>\n<p><img decoding=\"async\" loading=\"lazy\" class=\"alignnone size-full wp-image-907\" src=\"http:\/\/lisbonclassics.com\/wp-content\/uploads\/2016\/02\/1987_estoril.jpg\" alt=\"1987_estoril\" width=\"640\" height=\"281\" srcset=\"http:\/\/lisbonclassics.com\/wp-content\/uploads\/2016\/02\/1987_estoril.jpg 640w, http:\/\/lisbonclassics.com\/wp-content\/uploads\/2016\/02\/1987_estoril-300x132.jpg 300w\" sizes=\"(max-width: 640px) 100vw, 640px\" \/><\/p>\n<p><i>1987 &#8211; Estoril<\/i><\/p>\n<p><img decoding=\"async\" loading=\"lazy\" class=\"alignnone size-full wp-image-909\" src=\"http:\/\/lisbonclassics.com\/wp-content\/uploads\/2016\/02\/1987_rampa_portalegre.jpg\" alt=\"1987_rampa_portalegre\" width=\"640\" height=\"380\" srcset=\"http:\/\/lisbonclassics.com\/wp-content\/uploads\/2016\/02\/1987_rampa_portalegre.jpg 640w, http:\/\/lisbonclassics.com\/wp-content\/uploads\/2016\/02\/1987_rampa_portalegre-300x178.jpg 300w\" sizes=\"(max-width: 640px) 100vw, 640px\" \/><\/p>\n<p><i>1987 &#8211; Rampa de Portalegre<\/i><\/p>\n<p><img decoding=\"async\" loading=\"lazy\" class=\"alignnone size-full wp-image-911\" src=\"http:\/\/lisbonclassics.com\/wp-content\/uploads\/2016\/02\/1987_estoril_.jpg\" alt=\"1987_estoril_\" width=\"640\" height=\"375\" srcset=\"http:\/\/lisbonclassics.com\/wp-content\/uploads\/2016\/02\/1987_estoril_.jpg 640w, http:\/\/lisbonclassics.com\/wp-content\/uploads\/2016\/02\/1987_estoril_-300x176.jpg 300w\" sizes=\"(max-width: 640px) 100vw, 640px\" \/><\/p>\n<p>1987 &#8211; Circuito do Estoril<\/p>\n<p><img decoding=\"async\" loading=\"lazy\" class=\"alignnone size-full wp-image-913\" src=\"http:\/\/lisbonclassics.com\/wp-content\/uploads\/2016\/02\/1987_circuito_viladoconde.jpg\" alt=\"1987_circuito_viladoconde\" width=\"640\" height=\"379\" srcset=\"http:\/\/lisbonclassics.com\/wp-content\/uploads\/2016\/02\/1987_circuito_viladoconde.jpg 640w, http:\/\/lisbonclassics.com\/wp-content\/uploads\/2016\/02\/1987_circuito_viladoconde-300x178.jpg 300w\" sizes=\"(max-width: 640px) 100vw, 640px\" \/><\/p>\n<p>1987 &#8211; Circuito Vila do Conde<\/p>\n<p><img decoding=\"async\" loading=\"lazy\" class=\"alignnone size-full wp-image-915\" src=\"http:\/\/lisbonclassics.com\/wp-content\/uploads\/2016\/02\/autodromo-do-estoril.jpg\" alt=\"autodromo do estoril\" width=\"640\" height=\"473\" srcset=\"http:\/\/lisbonclassics.com\/wp-content\/uploads\/2016\/02\/autodromo-do-estoril.jpg 640w, http:\/\/lisbonclassics.com\/wp-content\/uploads\/2016\/02\/autodromo-do-estoril-300x222.jpg 300w\" sizes=\"(max-width: 640px) 100vw, 640px\" \/><\/p>\n<p>Aut\u00f3dromo do Estoril.<\/p>\n<p><img decoding=\"async\" loading=\"lazy\" class=\"alignnone size-full wp-image-917\" src=\"http:\/\/lisbonclassics.com\/wp-content\/uploads\/2016\/02\/1988_circuito_viladodconde.jpg\" alt=\"1988_circuito_viladodconde\" width=\"640\" height=\"410\" srcset=\"http:\/\/lisbonclassics.com\/wp-content\/uploads\/2016\/02\/1988_circuito_viladodconde.jpg 640w, http:\/\/lisbonclassics.com\/wp-content\/uploads\/2016\/02\/1988_circuito_viladodconde-300x192.jpg 300w\" sizes=\"(max-width: 640px) 100vw, 640px\" \/><\/p>\n<p>1988 &#8211; Circuito Vila do Conde, e<i>m luta com M\u00e1rio Silva e Jos\u00e9 Carlos Macedo.<\/i><\/p>\n<p><img decoding=\"async\" loading=\"lazy\" class=\"alignnone size-full wp-image-919\" src=\"http:\/\/lisbonclassics.com\/wp-content\/uploads\/2016\/02\/1988_circuito_viladoconde_2.jpg\" alt=\"1988_circuito_viladoconde_2\" width=\"640\" height=\"412\" srcset=\"http:\/\/lisbonclassics.com\/wp-content\/uploads\/2016\/02\/1988_circuito_viladoconde_2.jpg 640w, http:\/\/lisbonclassics.com\/wp-content\/uploads\/2016\/02\/1988_circuito_viladoconde_2-300x193.jpg 300w\" sizes=\"(max-width: 640px) 100vw, 640px\" \/><\/p>\n<p>1988 &#8211; Circuito Vila do Conde, \u00e0<i> frente de Fernando Santos, num duelo \u00ab\u00a0duro\u00a0\u00bb do pr\u00edncipio ao fim..<\/i><\/p>\n<p><img decoding=\"async\" loading=\"lazy\" class=\"alignnone size-full wp-image-921\" src=\"http:\/\/lisbonclassics.com\/wp-content\/uploads\/2016\/02\/1989_circuito_viladoconde.jpg\" alt=\"1989_circuito_viladoconde\" width=\"640\" height=\"407\" srcset=\"http:\/\/lisbonclassics.com\/wp-content\/uploads\/2016\/02\/1989_circuito_viladoconde.jpg 640w, http:\/\/lisbonclassics.com\/wp-content\/uploads\/2016\/02\/1989_circuito_viladoconde-300x191.jpg 300w\" sizes=\"(max-width: 640px) 100vw, 640px\" \/><\/p>\n<p><i>1989 &#8211; Circuito Vila do Conde, curva do Jardim com Ant\u00f3nio Onofre<\/i><\/p>\n<p><img decoding=\"async\" loading=\"lazy\" class=\"alignnone size-full wp-image-923\" src=\"http:\/\/lisbonclassics.com\/wp-content\/uploads\/2016\/02\/praia_azul.jpg\" alt=\"praia_azul\" width=\"640\" height=\"459\" srcset=\"http:\/\/lisbonclassics.com\/wp-content\/uploads\/2016\/02\/praia_azul.jpg 640w, http:\/\/lisbonclassics.com\/wp-content\/uploads\/2016\/02\/praia_azul-300x215.jpg 300w\" sizes=\"(max-width: 640px) 100vw, 640px\" \/><\/p>\n<p><i>Praia Azul com Alcides Petiz<\/i><\/p>\n<p><img decoding=\"async\" loading=\"lazy\" class=\"alignnone size-full wp-image-925\" src=\"http:\/\/lisbonclassics.com\/wp-content\/uploads\/2016\/02\/2lugar_autodromo_estoril.jpg\" alt=\"2lugar_autodromo_estoril\" width=\"640\" height=\"399\" srcset=\"http:\/\/lisbonclassics.com\/wp-content\/uploads\/2016\/02\/2lugar_autodromo_estoril.jpg 640w, http:\/\/lisbonclassics.com\/wp-content\/uploads\/2016\/02\/2lugar_autodromo_estoril-300x187.jpg 300w\" sizes=\"(max-width: 640px) 100vw, 640px\" \/><\/p>\n<p>1989 &#8211; Circuito do Estoril, <i>2\u00ba Lugar com Hermano Sobral<\/i><\/p>\n<p>&nbsp;<\/p>\n<p><img decoding=\"async\" loading=\"lazy\" class=\"alignnone wp-image-1806\" src=\"http:\/\/lisbonclassics.com\/wp-content\/uploads\/2017\/05\/Scanner_20150226-4-640x370-300x173.jpg\" alt=\"Scanner_20150226 (4) (640x370)\" width=\"640\" height=\"369\" srcset=\"http:\/\/lisbonclassics.com\/wp-content\/uploads\/2017\/05\/Scanner_20150226-4-640x370-300x173.jpg 300w, http:\/\/lisbonclassics.com\/wp-content\/uploads\/2017\/05\/Scanner_20150226-4-640x370.jpg 640w\" sizes=\"(max-width: 640px) 100vw, 640px\" \/><\/p>\n<p>&nbsp;<\/p>\n<p><img decoding=\"async\" loading=\"lazy\" class=\"alignnone wp-image-927\" src=\"http:\/\/lisbonclassics.com\/wp-content\/uploads\/2016\/02\/1991_circuito_viladoconde.jpg\" alt=\"1991_circuito_viladoconde\" width=\"640\" height=\"408\" srcset=\"http:\/\/lisbonclassics.com\/wp-content\/uploads\/2016\/02\/1991_circuito_viladoconde.jpg 640w, http:\/\/lisbonclassics.com\/wp-content\/uploads\/2016\/02\/1991_circuito_viladoconde-300x191.jpg 300w\" sizes=\"(max-width: 640px) 100vw, 640px\" \/><\/p>\n<p>1991 &#8211; Circuito Vila do Conde, em luta com Albuquerque de Carvalho e M\u00e1rio Silva<\/p>\n<p><img decoding=\"async\" loading=\"lazy\" class=\"alignnone wp-image-1760\" src=\"http:\/\/lisbonclassics.com\/wp-content\/uploads\/2016\/01\/unnamed-300x176.jpg\" alt=\"1992 - Trof\u00e9u Citroen AX GTI Rampa da Falperra \" width=\"639\" height=\"375\" srcset=\"http:\/\/lisbonclassics.com\/wp-content\/uploads\/2016\/01\/unnamed-300x176.jpg 300w, http:\/\/lisbonclassics.com\/wp-content\/uploads\/2016\/01\/unnamed.jpg 640w\" sizes=\"(max-width: 639px) 100vw, 639px\" \/><\/p>\n<p>1992 &#8211; Trof\u00e9u Citroen AX GTI Rampa da Falperra<\/p>\n<p>&nbsp;<\/p>\n<p><img decoding=\"async\" loading=\"lazy\" class=\"alignnone size-full wp-image-929\" src=\"http:\/\/lisbonclassics.com\/wp-content\/uploads\/2016\/02\/trofeu_MG.jpg\" alt=\"trofeu_MG\" width=\"640\" height=\"372\" srcset=\"http:\/\/lisbonclassics.com\/wp-content\/uploads\/2016\/02\/trofeu_MG.jpg 640w, http:\/\/lisbonclassics.com\/wp-content\/uploads\/2016\/02\/trofeu_MG-300x174.jpg 300w\" sizes=\"(max-width: 640px) 100vw, 640px\" \/><\/p>\n<p>Trof\u00e9u MG<\/p>\n<p>&nbsp;<\/p>\n<p><img decoding=\"async\" loading=\"lazy\" class=\"alignnone wp-image-931\" src=\"http:\/\/lisbonclassics.com\/wp-content\/uploads\/2016\/02\/eugenio.jpg\" alt=\"eugenio\" width=\"640\" height=\"667\" srcset=\"http:\/\/lisbonclassics.com\/wp-content\/uploads\/2016\/02\/eugenio.jpg 614w, http:\/\/lisbonclassics.com\/wp-content\/uploads\/2016\/02\/eugenio-288x300.jpg 288w\" sizes=\"(max-width: 640px) 100vw, 640px\" \/><\/p>\n<p>&nbsp;<\/p>\n<p><img decoding=\"async\" loading=\"lazy\" class=\"alignnone wp-image-1808\" src=\"http:\/\/lisbonclassics.com\/wp-content\/uploads\/2017\/05\/mst26-300x225.jpg\" alt=\"mst26\" width=\"640\" height=\"480\" srcset=\"http:\/\/lisbonclassics.com\/wp-content\/uploads\/2017\/05\/mst26-300x225.jpg 300w, http:\/\/lisbonclassics.com\/wp-content\/uploads\/2017\/05\/mst26.jpg 640w\" sizes=\"(max-width: 640px) 100vw, 640px\" \/><\/p>\n<p><img decoding=\"async\" loading=\"lazy\" class=\"alignnone wp-image-1810\" src=\"http:\/\/lisbonclassics.com\/wp-content\/uploads\/2017\/05\/mst11-300x225.jpg\" alt=\"mst11\" width=\"640\" height=\"480\" srcset=\"http:\/\/lisbonclassics.com\/wp-content\/uploads\/2017\/05\/mst11-300x225.jpg 300w, http:\/\/lisbonclassics.com\/wp-content\/uploads\/2017\/05\/mst11.jpg 640w\" sizes=\"(max-width: 640px) 100vw, 640px\" \/><\/p>\n<p><img decoding=\"async\" loading=\"lazy\" class=\"alignnone wp-image-1811\" src=\"http:\/\/lisbonclassics.com\/wp-content\/uploads\/2017\/05\/IMG_1612-300x169.png\" alt=\"IMG_1612\" width=\"639\" height=\"360\" srcset=\"http:\/\/lisbonclassics.com\/wp-content\/uploads\/2017\/05\/IMG_1612-300x169.png 300w, http:\/\/lisbonclassics.com\/wp-content\/uploads\/2017\/05\/IMG_1612.png 640w\" sizes=\"(max-width: 639px) 100vw, 639px\" \/><\/p>\n<p>2016 &#8211; Rallie Meg\u00e8ve &#8211; St. Tropez<\/p>\n<p>&nbsp;<\/p>\n<p>&nbsp;<\/p>\n<p>&nbsp;<\/p>","protected":false},"excerpt":{"rendered":"<p>Fils d&rsquo;un psychiatre compl\u00e8tement amoureux des voitures, d\u00e8s mon plus jeune \u00e2ge, je me souviens de m&rsquo;asseoir sur ses genoux en conduisant les \u00e9normes voitures am\u00e9ricaines qu&rsquo;il aimait tellement. Ainsi, il \u00e9tait tout \u00e0 fait naturel que, peu de temps apr\u00e8s avoir pris mon permis de conduire, d&rsquo;avoir entr\u00e9 dans le monde de la course [&hellip;]<\/p>\n","protected":false},"author":2,"featured_media":0,"comment_status":"open","ping_status":"open","sticky":false,"template":"","format":"standard","meta":{"footnotes":""},"categories":[87],"tags":[],"_links":{"self":[{"href":"http:\/\/lisbonclassics.com\/fr\/wp-json\/wp\/v2\/posts\/789"}],"collection":[{"href":"http:\/\/lisbonclassics.com\/fr\/wp-json\/wp\/v2\/posts"}],"about":[{"href":"http:\/\/lisbonclassics.com\/fr\/wp-json\/wp\/v2\/types\/post"}],"author":[{"embeddable":true,"href":"http:\/\/lisbonclassics.com\/fr\/wp-json\/wp\/v2\/users\/2"}],"replies":[{"embeddable":true,"href":"http:\/\/lisbonclassics.com\/fr\/wp-json\/wp\/v2\/comments?post=789"}],"version-history":[{"count":141,"href":"http:\/\/lisbonclassics.com\/fr\/wp-json\/wp\/v2\/posts\/789\/revisions"}],"predecessor-version":[{"id":3485,"href":"http:\/\/lisbonclassics.com\/fr\/wp-json\/wp\/v2\/posts\/789\/revisions\/3485"}],"wp:attachment":[{"href":"http:\/\/lisbonclassics.com\/fr\/wp-json\/wp\/v2\/media?parent=789"}],"wp:term":[{"taxonomy":"category","embeddable":true,"href":"http:\/\/lisbonclassics.com\/fr\/wp-json\/wp\/v2\/categories?post=789"},{"taxonomy":"post_tag","embeddable":true,"href":"http:\/\/lisbonclassics.com\/fr\/wp-json\/wp\/v2\/tags?post=789"}],"curies":[{"name":"wp","href":"https:\/\/api.w.org\/{rel}","templated":true}]}}